{"id":1211,"date":"2024-12-30T16:32:14","date_gmt":"2024-12-30T16:32:14","guid":{"rendered":"https:\/\/sitioagatha.org\/?p=1211"},"modified":"2024-12-30T16:32:15","modified_gmt":"2024-12-30T16:32:15","slug":"assembleia-anual","status":"publish","type":"post","link":"https:\/\/sitioagatha.org\/?p=1211","title":{"rendered":"Assembleia Anual"},"content":{"rendered":"\n<p>No dia 28 de dezembro de 2024, realizamos a nossa Assembleia Ordin\u00e1ria para avaliar o caminhar durante o ano que finaliza e come\u00e7ar a planejar o ano que vem. No geral, a avalia\u00e7\u00e3o dos\/as membros\/as da Associa\u00e7\u00e3o de Educa\u00e7\u00e3o, Arte, Cultura e Agroecologia S\u00edtio \u00c1gatha foi bem positiva.<\/p>\n\n\n\n<p>A vice-presidenta da Associa\u00e7\u00e3o, Dandara Marques, apresentou um balan\u00e7o das atividades acontecidas durante 2024. Entre viagens, participa\u00e7\u00f5es em marchas e audi\u00eancias, realiza\u00e7\u00e3o de projetos e oficinas, e como sempre, com muita articula\u00e7\u00e3o, a Associa\u00e7\u00e3o continua dando pequenos passos &#8211; por\u00e9m firmes &#8211; na constru\u00e7\u00e3o da Afroecologia, desde uma perspectiva feminista e antirracista.<\/p>\n\n\n\n<p>Contudo, o caminhar tamb\u00e9m traz consigo alguns desafios: por um lado, a necessidade de olharmos com mais aten\u00e7\u00e3o e profundidade para o S\u00edtio \u00c1gatha e a Associa\u00e7\u00e3o, procurando entender melhor quem s\u00e3o, como se fundem, se separam e se fortalecem. Por outro lado, a realiza\u00e7\u00e3o do planejamento estrat\u00e9gico de meio e longo prazo, visando atingir nossos objetivos como Associa\u00e7\u00e3o.<\/p>\n\n\n\n<p>Finalizamos nossa Assembleia com uma troca de brindes, guloseimas gostosas e muito afeto. Aproveitamos aqui para agradecer ao CAD o acolhimento do espa\u00e7o.<\/p>\n","protected":false},"excerpt":{"rendered":"<p>No dia 28 de dezembro de 2024, realizamos a nossa Assembleia Ordin\u00e1ria para avaliar o caminhar durante o ano que finaliza e come\u00e7ar a planejar o ano que vem. No geral, a avalia\u00e7\u00e3o dos\/as membros\/as da Associa\u00e7\u00e3o de Educa\u00e7\u00e3o, Arte, Cultura e Agroecologia S\u00edtio \u00c1gatha foi bem positiva. A vice-presidenta da Associa\u00e7\u00e3o, Dandara Marques, apresentou um balan\u00e7o das atividades acontecidas [&hellip;]<\/p>\n","protected":false},"author":1,"featured_media":1212,"comment_status":"closed","ping_status":"open","sticky":false,"template":"","format":"standard","meta":[],"categories":[11],"tags":[69,70,71,72],"featured_image_src":"https:\/\/sitioagatha.org\/wp-content\/uploads\/2024\/12\/01.jpeg","featured_image_src_square":"https:\/\/sitioagatha.org\/wp-content\/uploads\/2024\/12\/01.jpeg","author_info":{"display_name":"associacao@sitioagatha.org","author_link":"https:\/\/sitioagatha.org\/?author=1"},"category_info":"<a href=\"https:\/\/sitioagatha.org\/?cat=11\" rel=\"category\">Not\u00edcias<\/a>","tags_info":"<a href=\"https:\/\/sitioagatha.org\/?tag=assembleia\" rel=\"tag\">assembleia<\/a>, <a href=\"https:\/\/sitioagatha.org\/?tag=associacao-sitio-agatha\" rel=\"tag\">associa\u00e7\u00e3o s\u00edtio \u00e1gatha<\/a>, <a href=\"https:\/\/sitioagatha.org\/?tag=encontro-anual\" rel=\"tag\">encontro anual<\/a>, <a href=\"https:\/\/sitioagatha.org\/?tag=planejamento\" rel=\"tag\">planejamento<\/a>","social_share_info":"<a data-share=\"facebook\" href=\"https:\/\/www.facebook.com\/sharer.php?u=https:\/\/sitioagatha.org\/?p=1211\" class=\"tb-facebook-share social-share-default tb-social-share\" target=\"_blank\"><i class=\"fab fa-facebook-f\" aria-hidden=\"true\"><\/i><\/a><a data-share=\"twitter\" href=\"https:\/\/twitter.com\/share?url=https:\/\/sitioagatha.org\/?p=1211\" class=\"tb-twiiter-share social-share-default tb-social-share\" target=\"_blank\"><i class=\"fab fa-twitter\" aria-hidden=\"true\"><\/i><\/a><a data-share=\"linkedin\" href=\"https:\/\/www.linkedin.com\/shareArticle?url=https:\/\/sitioagatha.org\/?p=1211\" class=\"tb-linkedin-share social-share-default tb-social-share\" target=\"_blank\"><i class=\"fab fa-linkedin-in\" aria-hidden=\"true\"><\/i><\/a>","wordExcerpt_info":"<p><!-- wp:paragraph --><\/p>\n<p>No dia 28 de dezembro de 2024, realizamos a nossa Assembleia Ordin\u00e1ria para avaliar o caminhar durante o ano que finaliza e come\u00e7ar a planejar o ano que vem. No geral, a avalia\u00e7\u00e3o dos\/as membros\/as da Associa\u00e7\u00e3o de Educa\u00e7\u00e3o, Arte, Cultura e Agroecologia S\u00edtio \u00c1gatha foi bem positiva.<\/p>\n<p><!-- \/wp:paragraph --><\/p>\n<p><!-- wp:paragraph --><\/p>\n<p>A vice-presidenta da Associa\u00e7\u00e3o, Dandara Marques, apresentou um balan\u00e7o das atividades acontecidas durante 2024. Entre viagens, participa\u00e7\u00f5es em marchas e audi\u00eancias, realiza\u00e7\u00e3o de projetos e oficinas, e como sempre, com muita articula\u00e7\u00e3o, a Associa\u00e7\u00e3o continua dando pequenos passos &#8211; por\u00e9m firmes &#8211; na constru\u00e7\u00e3o da Afroecologia, desde uma perspectiva feminista e antirracista.<\/p>\n<p><!-- \/wp:paragraph --><\/p>\n<p><!-- wp:paragraph --><\/p>\n<p>Contudo, o caminhar tamb\u00e9m traz consigo alguns desafios: por um lado, a necessidade de olharmos com mais aten\u00e7\u00e3o e profundidade para o S\u00edtio \u00c1gatha e a Associa\u00e7\u00e3o, procurando entender melhor quem s\u00e3o, como se fundem, se separam e se fortalecem. Por outro lado, a realiza\u00e7\u00e3o do planejamento estrat\u00e9gico de meio e longo prazo, visando atingir nossos objetivos como Associa\u00e7\u00e3o.<\/p>\n<p><!-- \/wp:paragraph --><\/p>\n<p><!-- wp:paragraph --><\/p>\n<p>Finalizamos nossa Assembleia com uma troca de brindes, guloseimas gostosas e muito afeto. Aproveitamos aqui para agradecer ao CAD o acolhimento do espa\u00e7o.<\/p>\n<p><!-- \/wp:paragraph --><\/p>\n","comment_info":"0","_links":{"self":[{"href":"https:\/\/sitioagatha.org\/index.php?rest_route=\/wp\/v2\/posts\/1211"}],"collection":[{"href":"https:\/\/sitioagatha.org\/index.php?rest_route=\/wp\/v2\/posts"}],"about":[{"href":"https:\/\/sitioagatha.org\/index.php?rest_route=\/wp\/v2\/types\/post"}],"author":[{"embeddable":true,"href":"https:\/\/sitioagatha.org\/index.php?rest_route=\/wp\/v2\/users\/1"}],"replies":[{"embeddable":true,"href":"https:\/\/sitioagatha.org\/index.php?rest_route=%2Fwp%2Fv2%2Fcomments&post=1211"}],"version-history":[{"count":1,"href":"https:\/\/sitioagatha.org\/index.php?rest_route=\/wp\/v2\/posts\/1211\/revisions"}],"predecessor-version":[{"id":1213,"href":"https:\/\/sitioagatha.org\/index.php?rest_route=\/wp\/v2\/posts\/1211\/revisions\/1213"}],"wp:featuredmedia":[{"embeddable":true,"href":"https:\/\/sitioagatha.org\/index.php?rest_route=\/wp\/v2\/media\/1212"}],"wp:attachment":[{"href":"https:\/\/sitioagatha.org\/index.php?rest_route=%2Fwp%2Fv2%2Fmedia&parent=1211"}],"wp:term":[{"taxonomy":"category","embeddable":true,"href":"https:\/\/sitioagatha.org\/index.php?rest_route=%2Fwp%2Fv2%2Fcategories&post=1211"},{"taxonomy":"post_tag","embeddable":true,"href":"https:\/\/sitioagatha.org\/index.php?rest_route=%2Fwp%2Fv2%2Ftags&post=1211"}],"curies":[{"name":"wp","href":"https:\/\/api.w.org\/{rel}","templated":true}]}}