{"id":1128,"date":"2024-06-06T13:01:07","date_gmt":"2024-06-06T13:01:07","guid":{"rendered":"https:\/\/sitioagatha.org\/?p=1128"},"modified":"2024-06-10T19:07:00","modified_gmt":"2024-06-10T19:07:00","slug":"vem-ai-o-festival-rompendo-cercas-ii-edicao","status":"publish","type":"post","link":"https:\/\/sitioagatha.org\/?p=1128","title":{"rendered":"Vem a\u00ed o Festival Rompendo Cercas &#8211; II Edi\u00e7\u00e3o"},"content":{"rendered":"\n<p>A segunda edi\u00e7\u00e3o do Festival Rompendo Cercas \u201cTransmitindo Resist\u00eancia\u201d acontecer\u00e1 nos dias 11, 12 e 13 de julho de 2024, na zona rural do munic\u00edpio de Tracunha\u00e9m, Zona da Mata Norte de Pernambuco. Realizado pelo S\u00edtio \u00c1gatha com incentivo do Funcultura, as atividades que acontecer\u00e3o durante os tr\u00eas dias do Festival, procuram ser um chamado \u00e0 reflex\u00e3o e organiza\u00e7\u00e3o frente aos mega empreendimentos de distribui\u00e7\u00e3o de energia e\u00f3lica, que, nos \u00faltimos anos, t\u00eam impactado de forma negativa o territ\u00f3rio.&nbsp;&nbsp;<\/p>\n\n\n\n<p>No caso do Complexo de Assentamentos&nbsp; do Prado, parte de suas terras foram rasgadas pela instala\u00e7\u00e3o da Linha de Transmiss\u00e3o Campina Grande III &#8211; Pau Ferro. Houve muita luta e resist\u00eancia, por\u00e9m n\u00e3o conseguimos impedir que as torres de energia fossem implantadas. Por esse motivo, o Festival \u00e9 acompanhado do \u201cTransmitindo Resist\u00eancia\u201d. Diante desse cen\u00e1rio, durante os dias 11 e 12 ser\u00e3o oferecidas uma s\u00e9rie de oficinas que, pautadas numa perspectiva socioambiental, \u00e9tnico-racial e de g\u00eanero, propiciar\u00e1 momentos de forma\u00e7\u00e3o art\u00edstico &#8211; culturais para adolescentes, jovens e mulheres dos assentamentos Chico Mendes I, Ismael Felipe e Nova Cana\u00e3&nbsp; e da Comunidade Rural de Belo Oriente.<\/p>\n\n\n\n<p>Por sua vez, no dia s\u00e1bado 13 de julho, como culmin\u00e2ncia dessas trocas de saberes, ser\u00e1 realizado um festival com diversas apresenta\u00e7\u00f5es art\u00edsticas (Maracatu, Coco, Brega e mais), na quadra municipal da Escola An\u00edsio Cabral. A coordenadora geral do Festival Rompendo Cercas &#8211; II Edi\u00e7\u00e3o e matrigestora do S\u00edtio \u00c1gatha, Luiza Cavalcante, refor\u00e7a a import\u00e2ncia da participa\u00e7\u00e3o da juventude num evento como este: \u201cO Festival vem trazendo muitas express\u00f5es culturais, e tem como principal objetivo mobilizar, inspirar e instigar a juventude rural de Tracunha\u00e9m (PE), especialmente de Belo Oriente e dos assentamentos da Reforma Agr\u00e1ria a expressar sua criatividade e sua cultura, mostrar para o mundo o que sabem fazer.\u201d<\/p>\n\n\n\n<p>A data escolhida para o Festival n\u00e3o \u00e9 \u00e0 toa. No&nbsp; m\u00eas de julho, \u00e9 comemorado o Dia Internacional da Mulher Negra Latino-americana e Caribenha. Nesse sentido, o Festival procura tamb\u00e9m ser um espa\u00e7o de&nbsp; celebra\u00e7\u00e3o e de lazer, al\u00e9m de dar visibilidade \u00e0 vida e as resist\u00eancias que essas mulheres transmitem.&nbsp;<\/p>\n\n\n\n<p><\/p>\n\n\n\n<p><\/p>\n\n\n\n<p><\/p>\n","protected":false},"excerpt":{"rendered":"<p>A segunda edi\u00e7\u00e3o do Festival Rompendo Cercas \u201cTransmitindo Resist\u00eancia\u201d acontecer\u00e1 nos dias 11, 12 e 13 de julho de 2024, na zona rural do munic\u00edpio de Tracunha\u00e9m, Zona da Mata Norte de Pernambuco. Realizado pelo S\u00edtio \u00c1gatha com incentivo do Funcultura, as atividades que acontecer\u00e3o durante os tr\u00eas dias do Festival, procuram ser um chamado \u00e0 reflex\u00e3o e organiza\u00e7\u00e3o frente [&hellip;]<\/p>\n","protected":false},"author":1,"featured_media":1134,"comment_status":"closed","ping_status":"open","sticky":false,"template":"","format":"standard","meta":[],"categories":[21,11],"tags":[49,48,47,39,40],"featured_image_src":"https:\/\/sitioagatha.org\/wp-content\/uploads\/2024\/06\/imagem_pra-site-01.jpg","featured_image_src_square":"https:\/\/sitioagatha.org\/wp-content\/uploads\/2024\/06\/imagem_pra-site-01.jpg","author_info":{"display_name":"associacao@sitioagatha.org","author_link":"https:\/\/sitioagatha.org\/?author=1"},"category_info":"<a href=\"https:\/\/sitioagatha.org\/?cat=21\" rel=\"category\">Destaque<\/a>, <a href=\"https:\/\/sitioagatha.org\/?cat=11\" rel=\"category\">Not\u00edcias<\/a>","tags_info":"<a href=\"https:\/\/sitioagatha.org\/?tag=afroecologia\" rel=\"tag\">afroecologia<\/a>, <a href=\"https:\/\/sitioagatha.org\/?tag=cultura\" rel=\"tag\">cultura<\/a>, <a href=\"https:\/\/sitioagatha.org\/?tag=festival-rompendo-cercas\" rel=\"tag\">festival rompendo cercas<\/a>, <a href=\"https:\/\/sitioagatha.org\/?tag=tracunhaem\" rel=\"tag\">tracunha\u00e9m<\/a>, <a href=\"https:\/\/sitioagatha.org\/?tag=transmitindo-resistencia\" rel=\"tag\">transmitindo resistencia<\/a>","social_share_info":"<a data-share=\"facebook\" href=\"https:\/\/www.facebook.com\/sharer.php?u=https:\/\/sitioagatha.org\/?p=1128\" class=\"tb-facebook-share social-share-default tb-social-share\" target=\"_blank\"><i class=\"fab fa-facebook-f\" aria-hidden=\"true\"><\/i><\/a><a data-share=\"twitter\" href=\"https:\/\/twitter.com\/share?url=https:\/\/sitioagatha.org\/?p=1128\" class=\"tb-twiiter-share social-share-default tb-social-share\" target=\"_blank\"><i class=\"fab fa-twitter\" aria-hidden=\"true\"><\/i><\/a><a data-share=\"linkedin\" href=\"https:\/\/www.linkedin.com\/shareArticle?url=https:\/\/sitioagatha.org\/?p=1128\" class=\"tb-linkedin-share social-share-default tb-social-share\" target=\"_blank\"><i class=\"fab fa-linkedin-in\" aria-hidden=\"true\"><\/i><\/a>","wordExcerpt_info":"<p><!-- wp:paragraph --><\/p>\n<p>A segunda edi\u00e7\u00e3o do Festival Rompendo Cercas \u201cTransmitindo Resist\u00eancia\u201d acontecer\u00e1 nos dias 11, 12 e 13 de julho de 2024, na zona rural do munic\u00edpio de Tracunha\u00e9m, Zona da Mata Norte de Pernambuco. Realizado pelo S\u00edtio \u00c1gatha com incentivo do Funcultura, as atividades que acontecer\u00e3o durante os tr\u00eas dias do Festival, procuram ser um chamado \u00e0 reflex\u00e3o e organiza\u00e7\u00e3o frente aos mega empreendimentos de distribui\u00e7\u00e3o de energia e\u00f3lica, que, nos \u00faltimos anos, t\u00eam impactado de forma negativa o territ\u00f3rio.&nbsp;&nbsp;<\/p>\n<p><!-- \/wp:paragraph --><\/p>\n<p><!-- wp:paragraph --><\/p>\n<p>No caso do Complexo de Assentamentos&nbsp; do Prado, parte de suas terras foram rasgadas pela instala\u00e7\u00e3o da Linha de Transmiss\u00e3o Campina Grande III &#8211; Pau Ferro. Houve muita luta e resist\u00eancia, por\u00e9m n\u00e3o conseguimos impedir que as torres de energia fossem implantadas. Por esse motivo, o Festival \u00e9 acompanhado do \u201cTransmitindo Resist\u00eancia\u201d. Diante desse cen\u00e1rio, durante os dias 11 e 12 ser\u00e3o oferecidas uma s\u00e9rie de oficinas que, pautadas numa perspectiva socioambiental, \u00e9tnico-racial e de g\u00eanero, propiciar\u00e1 momentos de forma\u00e7\u00e3o art\u00edstico &#8211; culturais para adolescentes, jovens e mulheres dos assentamentos Chico Mendes I, Ismael Felipe e Nova Cana\u00e3&nbsp; e da Comunidade Rural de Belo Oriente.<\/p>\n<p><!-- \/wp:paragraph --><\/p>\n<p><!-- wp:paragraph --><\/p>\n<p>Por sua vez, no dia s\u00e1bado 13 de julho, como culmin\u00e2ncia dessas trocas de saberes, ser\u00e1 realizado um festival com diversas apresenta\u00e7\u00f5es art\u00edsticas (Maracatu, Coco, Brega e mais), na quadra municipal da Escola An\u00edsio Cabral. A coordenadora geral do Festival Rompendo Cercas &#8211; II Edi\u00e7\u00e3o e matrigestora do S\u00edtio \u00c1gatha, Luiza Cavalcante, refor\u00e7a a import\u00e2ncia da participa\u00e7\u00e3o da juventude num evento como este: \u201cO Festival vem trazendo muitas express\u00f5es culturais, e tem como principal objetivo mobilizar, inspirar e instigar a juventude rural de Tracunha\u00e9m (PE), especialmente de Belo Oriente e dos assentamentos da Reforma Agr\u00e1ria a expressar sua criatividade e sua cultura, mostrar para o mundo o que sabem fazer.\u201d<\/p>\n<p><!-- \/wp:paragraph --><\/p>\n<p><!-- wp:paragraph --><\/p>\n<p>A data escolhida para o Festival n\u00e3o \u00e9 \u00e0 toa. No&nbsp; m\u00eas de julho, \u00e9 comemorado o Dia Internacional da Mulher Negra Latino-americana e Caribenha. Nesse sentido, o Festival procura tamb\u00e9m ser um espa\u00e7o de&nbsp; celebra\u00e7\u00e3o e de lazer, al\u00e9m de dar visibilidade \u00e0 vida e as resist\u00eancias que essas mulheres transmitem.&nbsp;<\/p>\n<p><!-- \/wp:paragraph --><\/p>\n<p><!-- wp:paragraph --><\/p>\n<p><!-- \/wp:paragraph --><\/p>\n<p><!-- wp:paragraph --><\/p>\n<p><!-- \/wp:paragraph --><\/p>\n<p><!-- wp:paragraph --><\/p>\n<p><!-- \/wp:paragraph --><\/p>\n","comment_info":"0","_links":{"self":[{"href":"https:\/\/sitioagatha.org\/index.php?rest_route=\/wp\/v2\/posts\/1128"}],"collection":[{"href":"https:\/\/sitioagatha.org\/index.php?rest_route=\/wp\/v2\/posts"}],"about":[{"href":"https:\/\/sitioagatha.org\/index.php?rest_route=\/wp\/v2\/types\/post"}],"author":[{"embeddable":true,"href":"https:\/\/sitioagatha.org\/index.php?rest_route=\/wp\/v2\/users\/1"}],"replies":[{"embeddable":true,"href":"https:\/\/sitioagatha.org\/index.php?rest_route=%2Fwp%2Fv2%2Fcomments&post=1128"}],"version-history":[{"count":7,"href":"https:\/\/sitioagatha.org\/index.php?rest_route=\/wp\/v2\/posts\/1128\/revisions"}],"predecessor-version":[{"id":1138,"href":"https:\/\/sitioagatha.org\/index.php?rest_route=\/wp\/v2\/posts\/1128\/revisions\/1138"}],"wp:featuredmedia":[{"embeddable":true,"href":"https:\/\/sitioagatha.org\/index.php?rest_route=\/wp\/v2\/media\/1134"}],"wp:attachment":[{"href":"https:\/\/sitioagatha.org\/index.php?rest_route=%2Fwp%2Fv2%2Fmedia&parent=1128"}],"wp:term":[{"taxonomy":"category","embeddable":true,"href":"https:\/\/sitioagatha.org\/index.php?rest_route=%2Fwp%2Fv2%2Fcategories&post=1128"},{"taxonomy":"post_tag","embeddable":true,"href":"https:\/\/sitioagatha.org\/index.php?rest_route=%2Fwp%2Fv2%2Ftags&post=1128"}],"curies":[{"name":"wp","href":"https:\/\/api.w.org\/{rel}","templated":true}]}}